{"id":119,"date":"2018-12-17T20:21:07","date_gmt":"2018-12-17T20:21:07","guid":{"rendered":"http:\/\/teanieminen.fi\/?p=119"},"modified":"2025-04-12T13:12:34","modified_gmt":"2025-04-12T13:12:34","slug":"mina-olen","status":"publish","type":"post","link":"https:\/\/teanieminen.fi\/?p=119","title":{"rendered":"Min\u00e4 olen"},"content":{"rendered":"<p><!--EndFragment--><\/p>\n<\/p>\n\n\n<p class=\"has-text-align-left\"><strong>Olen 44-vuotias nainen Uudeltamaalta. Perheeseeni kuuluu puolisoni ja kolme lasta \u2013 kaksi heist\u00e4 opiskelee toisella asteella, nuorin on alakoululainen.<\/strong><\/p>\n\n\n\n<p>Koulutukseltani olen sosionomi (AMK), ja ty\u00f6urani on kuljettanut minut lastensuojelusta kehitysvammaisten palveluihin, etsiv\u00e4st\u00e4 nuorisoty\u00f6st\u00e4 TE-toimiston palveluvastaavaksi. T\u00e4ll\u00e4 hetkell\u00e4 ty\u00f6skentelen valtiolla johtavana asiantuntijana yhteiskehitt\u00e4misess\u00e4 KEHA-keskuksessa. Kehit\u00e4mme ty\u00f6llisyysalueiden kanssa yhdess\u00e4 tietoj\u00e4rjestelmi\u00e4 ja koordinoin muuta verkostoty\u00f6t\u00e4 sis\u00e4isesti sek\u00e4 olen mukana jaostoty\u00f6skentelyss\u00e4.<\/p>\n\n\n\n<p>Olen kiinnostunut yhteisten asioiden hoitamisesta ja minulla on ollut mahdollisuus toimia useissa luottamusteht\u00e4viss\u00e4 niin kunnallisella kuin alueellisellakin tasolla. Minulle vaikuttaminen on ennen kaikkea vastuunkantoa \u2013 halua ymm\u00e4rt\u00e4\u00e4, kuulla ja etsi\u00e4 ratkaisuja yhdess\u00e4.<\/p>\n\n\n\n<p>Arkeni rytmittyy perhe-el\u00e4m\u00e4n ja luottamusteht\u00e4vien yhteensovittamisesta. Ulkoilu ja kuntosalilla k\u00e4yminen auttavat pit\u00e4m\u00e4\u00e4n tasapainoa kiireen keskell\u00e4. Pys\u00e4htyminen, havainnointi ja uteliaisuus ovat minulle tapa el\u00e4\u00e4 ja vaikuttaa.<\/p>\n\n\n\n<p><\/p>\n","protected":false},"excerpt":{"rendered":"<p>Olen 44-vuotias nainen Uudeltamaalta. Perheeseeni kuuluu puolisoni ja kolme lasta \u2013 kaksi heist\u00e4 opiskelee toisella asteella, nuorin on alakoululainen. Koulutukseltani olen sosionomi (AMK), ja ty\u00f6urani on kuljettanut minut lastensuojelusta kehitysvammaisten palveluihin, etsiv\u00e4st\u00e4 nuorisoty\u00f6st\u00e4 TE-toimiston palveluvastaavaksi. T\u00e4ll\u00e4 hetkell\u00e4 ty\u00f6skentelen valtiolla johtavana asiantuntijana yhteiskehitt\u00e4misess\u00e4 KEHA-keskuksessa. Kehit\u00e4mme ty\u00f6llisyysalueiden kanssa yhdess\u00e4 tietoj\u00e4rjestelmi\u00e4 ja koordinoin muuta verkostoty\u00f6t\u00e4 sis\u00e4isesti sek\u00e4 olen [&hellip;]<\/p>\n","protected":false},"author":3,"featured_media":414,"comment_status":"closed","ping_status":"open","sticky":false,"template":"","format":"standard","meta":{"footnotes":""},"categories":[8],"tags":[12,36,9,10],"class_list":["post-119","post","type-post","status-publish","format-standard","has-post-thumbnail","hentry","category-esittely","tag-ehdokas","tag-keski-uusimaa","tag-politiikka","tag-uusimaa"],"jetpack_featured_media_url":"https:\/\/teanieminen.fi\/wp-content\/uploads\/2023\/01\/20230126_190307_0000.png","_links":{"self":[{"href":"https:\/\/teanieminen.fi\/index.php?rest_route=\/wp\/v2\/posts\/119","targetHints":{"allow":["GET"]}}],"collection":[{"href":"https:\/\/teanieminen.fi\/index.php?rest_route=\/wp\/v2\/posts"}],"about":[{"href":"https:\/\/teanieminen.fi\/index.php?rest_route=\/wp\/v2\/types\/post"}],"author":[{"embeddable":true,"href":"https:\/\/teanieminen.fi\/index.php?rest_route=\/wp\/v2\/users\/3"}],"replies":[{"embeddable":true,"href":"https:\/\/teanieminen.fi\/index.php?rest_route=%2Fwp%2Fv2%2Fcomments&post=119"}],"version-history":[{"count":9,"href":"https:\/\/teanieminen.fi\/index.php?rest_route=\/wp\/v2\/posts\/119\/revisions"}],"predecessor-version":[{"id":431,"href":"https:\/\/teanieminen.fi\/index.php?rest_route=\/wp\/v2\/posts\/119\/revisions\/431"}],"wp:featuredmedia":[{"embeddable":true,"href":"https:\/\/teanieminen.fi\/index.php?rest_route=\/wp\/v2\/media\/414"}],"wp:attachment":[{"href":"https:\/\/teanieminen.fi\/index.php?rest_route=%2Fwp%2Fv2%2Fmedia&parent=119"}],"wp:term":[{"taxonomy":"category","embeddable":true,"href":"https:\/\/teanieminen.fi\/index.php?rest_route=%2Fwp%2Fv2%2Fcategories&post=119"},{"taxonomy":"post_tag","embeddable":true,"href":"https:\/\/teanieminen.fi\/index.php?rest_route=%2Fwp%2Fv2%2Ftags&post=119"}],"curies":[{"name":"wp","href":"https:\/\/api.w.org\/{rel}","templated":true}]}}