{"id":295,"date":"2019-04-07T11:45:25","date_gmt":"2019-04-07T11:45:25","guid":{"rendered":"http:\/\/teanieminen.fi\/?p=295"},"modified":"2019-04-07T11:47:02","modified_gmt":"2019-04-07T11:47:02","slug":"mita-ajattelen-ilmaston-muutoksesta","status":"publish","type":"post","link":"https:\/\/teanieminen.fi\/?p=295","title":{"rendered":"Mit\u00e4 ajattelen ilmaston muutoksesta"},"content":{"rendered":"\n<p>Se vaatii tekoja. En ole kannattanut liha- tai maitoveroa.\nNe veisiv\u00e4t n\u00e4m\u00e4 tuotteet pois v\u00e4h\u00e4varaisempien perheiden ruokap\u00f6yd\u00e4st\u00e4.\nVarakkaammilla olisi edelleen varaa kuluttaa ja sy\u00f6d\u00e4 n\u00e4it\u00e4 ilman huolen\nh\u00e4iv\u00e4\u00e4. S\u00e4hk\u00f6autot ovat t\u00e4ll\u00e4 hetkell\u00e4 liian kalliita jokaisen hankittavaksi ja\nsiksi en ole kannattanut polttomoottoreiden t\u00e4yskieltoa l\u00e4hivuosien\naikana.&nbsp; Mielest\u00e4ni t\u00e4m\u00e4 vaatii\nmonenlaisten ymp\u00e4rist\u00f6yst\u00e4v\u00e4llisten vaihtoehtojen mahdollistamista\nsamanaikaisesti, kuten esim. biodieselin tai kaasuautojen. Meill\u00e4 ei ole\nmy\u00f6sk\u00e4\u00e4n viel\u00e4 toistaiseksi riitt\u00e4v\u00e4n kattavaa latausverkostoa, eik\u00e4 t\u00e4m\u00e4n\np\u00e4iv\u00e4n akut v\u00e4ltt\u00e4m\u00e4tt\u00e4 kest\u00e4 pakkasella niin pitk\u00e4\u00e4n kuin olisi tarpeen\ninhimillisten matkojen kulkemiseen yhdell\u00e4 latauksella. <\/p>\n\n\n\n<p>Taistelu ilmastonmuutosta vastaan vaati hyvien k\u00e4yt\u00e4nteiden\nlevitt\u00e4mist\u00e4 niin Suomessa meid\u00e4n suomalaisten kesken, mutta ennen kaikkea\nniiden viemist\u00e4 maailmalle. Tarvitsemme yritt\u00e4jille mahdollisuuksia\nkaupallistaa ja markkinoida tuotteitaan vientiin ja siten auttaa puhtaamman\nteknologian ja tuotteiden viennin.<\/p>\n\n\n\n<p>On t\u00e4rke\u00e4\u00e4 my\u00f6s pit\u00e4\u00e4 mets\u00e4 kasvavana. Hakkuiden v\u00e4hent\u00e4minen\nsademetsiss\u00e4 hillitsee ilmaston l\u00e4mpenemist\u00e4. Mutta hakkuiden lopettaminen\nt\u00e4\u00e4ll\u00e4 pohjoisessa olisi p\u00e4in vastaiset vaikutukset. Ensinn\u00e4kin se lis\u00e4isi\nhakkuiden m\u00e4\u00e4r\u00e4\u00e4 maissa, joissa mets\u00e4n hoito ei ole samalla tasolla kuin\nSuomessa. Suomessa kun metsi\u00e4 hakataan, niin sen tilalle istutetaan uusia\ntaimia. T\u00e4m\u00e4 pit\u00e4\u00e4 mets\u00e4n aina kasvavana ja siten se sitoo itseens\u00e4 enemm\u00e4n\nhiilidioksidia kuin luovuttaa. <\/p>\n\n\n\n<p>On t\u00e4rke\u00e4\u00e4 mietti\u00e4 puiden hy\u00f6tyk\u00e4ytt\u00f6\u00e4 my\u00f6s rakentamisessa\nenemm\u00e4n kuin ennen. On mahdollistettava puurakentamisen lis\u00e4\u00e4ntyminen\nkerrostalo ja yleistilojen rakentamisessa. T\u00e4m\u00e4 sitoo my\u00f6s pidemm\u00e4ksi aikaa\nhiilt\u00e4 itseens\u00e4 kuin sit\u00e4 palautuu takaisin luontoon.<\/p>\n\n\n\n<p>Mutta t\u00e4rkeint\u00e4 tulevaisuudessa on tehd\u00e4 ilmaston kest\u00e4v\u00e4\u00e4\npolitiikkaa ja vied\u00e4 fossiili vapaata maailmaa kohti.<\/p>\n","protected":false},"excerpt":{"rendered":"<p>Se vaatii tekoja. En ole kannattanut liha- tai maitoveroa. Ne veisiv\u00e4t n\u00e4m\u00e4 tuotteet pois v\u00e4h\u00e4varaisempien perheiden ruokap\u00f6yd\u00e4st\u00e4. Varakkaammilla olisi edelleen varaa kuluttaa ja sy\u00f6d\u00e4 n\u00e4it\u00e4 ilman huolen h\u00e4iv\u00e4\u00e4. S\u00e4hk\u00f6autot ovat t\u00e4ll\u00e4 hetkell\u00e4 liian kalliita jokaisen hankittavaksi ja siksi en ole kannattanut polttomoottoreiden t\u00e4yskieltoa l\u00e4hivuosien aikana.&nbsp; Mielest\u00e4ni t\u00e4m\u00e4 vaatii monenlaisten ymp\u00e4rist\u00f6yst\u00e4v\u00e4llisten vaihtoehtojen mahdollistamista samanaikaisesti, kuten esim. [&hellip;]<\/p>\n","protected":false},"author":3,"featured_media":54,"comment_status":"closed","ping_status":"open","sticky":false,"template":"","format":"standard","meta":{"footnotes":""},"categories":[27],"tags":[],"class_list":["post-295","post","type-post","status-publish","format-standard","has-post-thumbnail","hentry","category-blogi"],"jetpack_featured_media_url":"https:\/\/teanieminen.fi\/wp-content\/uploads\/2018\/12\/9E0623D7-12A9-4110-AB89-F40E78475317.jpeg","_links":{"self":[{"href":"https:\/\/teanieminen.fi\/index.php?rest_route=\/wp\/v2\/posts\/295","targetHints":{"allow":["GET"]}}],"collection":[{"href":"https:\/\/teanieminen.fi\/index.php?rest_route=\/wp\/v2\/posts"}],"about":[{"href":"https:\/\/teanieminen.fi\/index.php?rest_route=\/wp\/v2\/types\/post"}],"author":[{"embeddable":true,"href":"https:\/\/teanieminen.fi\/index.php?rest_route=\/wp\/v2\/users\/3"}],"replies":[{"embeddable":true,"href":"https:\/\/teanieminen.fi\/index.php?rest_route=%2Fwp%2Fv2%2Fcomments&post=295"}],"version-history":[{"count":1,"href":"https:\/\/teanieminen.fi\/index.php?rest_route=\/wp\/v2\/posts\/295\/revisions"}],"predecessor-version":[{"id":296,"href":"https:\/\/teanieminen.fi\/index.php?rest_route=\/wp\/v2\/posts\/295\/revisions\/296"}],"wp:featuredmedia":[{"embeddable":true,"href":"https:\/\/teanieminen.fi\/index.php?rest_route=\/wp\/v2\/media\/54"}],"wp:attachment":[{"href":"https:\/\/teanieminen.fi\/index.php?rest_route=%2Fwp%2Fv2%2Fmedia&parent=295"}],"wp:term":[{"taxonomy":"category","embeddable":true,"href":"https:\/\/teanieminen.fi\/index.php?rest_route=%2Fwp%2Fv2%2Fcategories&post=295"},{"taxonomy":"post_tag","embeddable":true,"href":"https:\/\/teanieminen.fi\/index.php?rest_route=%2Fwp%2Fv2%2Ftags&post=295"}],"curies":[{"name":"wp","href":"https:\/\/api.w.org\/{rel}","templated":true}]}}