{"id":453,"date":"2025-04-17T13:28:56","date_gmt":"2025-04-17T13:28:56","guid":{"rendered":"https:\/\/teanieminen.fi\/?p=453"},"modified":"2025-04-17T13:28:59","modified_gmt":"2025-04-17T13:28:59","slug":"politiikka-on-muutakin-kuin-vaalikampanjaa","status":"publish","type":"post","link":"https:\/\/teanieminen.fi\/?p=453","title":{"rendered":"Politiikka on muutakin kuin vaalikampanjaa"},"content":{"rendered":"\n<p>Vaalit ovat nyt takana ja katse k\u00e4\u00e4ntyy eteenp\u00e4in. Ennen p\u00e4\u00e4t\u00f6ksenteon arkea on viel\u00e4 k\u00e4yt\u00e4v\u00e4 paikkaneuvottelut, joissa sovitaan luottamuspaikkojen jaosta. Ne ovat osa vastuunkantoa, jossa etsit\u00e4\u00e4n ratkaisuja niin, ett\u00e4 eri n\u00e4kemykset ovat mukana p\u00e4\u00e4t\u00f6ksenteossa. Lopulta paikat eiv\u00e4t m\u00e4\u00e4rit\u00e4 tuloksia \u2013 vaan se, miten yhteisty\u00f6 l\u00e4htee k\u00e4yntiin niiden pohjalta.<\/p>\n\n\n\n<p>Mutta varsinainen ty\u00f6 alkaa vasta neuvottelup\u00f6ytien j\u00e4lkeen. Silloin, kun arjen asiat nousevat esiin p\u00e4\u00e4t\u00f6ksenteossa ja kuntalaisten \u00e4\u00e4ni kohtaa k\u00e4yt\u00e4nn\u00f6n realiteetit. P\u00e4\u00e4t\u00f6ksenteko vaatii vuoropuhelua, ymm\u00e4rryst\u00e4 ja sit\u00e4, ett\u00e4 eri n\u00e4k\u00f6kulmat voivat kohdata ilman, ett\u00e4 niit\u00e4 asetetaan vastakkain.<\/p>\n\n\n\n<p>Kulunut vaalikev\u00e4t oli monella tavalla erilainen. Kampanjointi sai hetkitt\u00e4in s\u00e4vyj\u00e4, jotka erosivat aiempien vuosien ilmapiirist\u00e4. Keskustelu k\u00e4vi paikoin vilkkaana \u2013 ehk\u00e4 v\u00e4lill\u00e4 my\u00f6s sellaisten tulkintojen varassa, jotka eiv\u00e4t aina tehneet oikeutta koko kuvalle. Lupauksia esitettiin innokkaasti, mutta tilannekuvaa kunnallisesta p\u00e4\u00e4t\u00f6ksenteosta ja talouden reunaehdoista ei aina avattu kovin perusteellisesti.<\/p>\n\n\n\n<p>Samalla t\u00e4m\u00e4 kertoo siit\u00e4, ett\u00e4 ihmisill\u00e4 on halu vaikuttaa, kehitt\u00e4\u00e4 ja osallistua \u2013 ja se on arvokasta. Mielipiteiden moninaisuus on osa el\u00e4v\u00e4\u00e4 demokratiaa. Eri mielt\u00e4 saa ja pit\u00e4\u00e4 olla, kunhan se tehd\u00e4\u00e4n tavalla, joka kutsuu mukaan eik\u00e4 sulje ulos.<\/p>\n\n\n\n<p>Toivon, ett\u00e4 vaalien j\u00e4lkeen palataan yhdess\u00e4 tekemiseen \u2013 siihen, jossa rakentava keskustelu ja toistemme kuunteleminen ovat kaiken perusta. Meill\u00e4 on kunnassa paljon asioita, jotka vaativat huomiota ja huolellista ty\u00f6t\u00e4. Niiden ratkaiseminen onnistuu parhaiten silloin, kun mukana on keskin\u00e4ist\u00e4 luottamusta ja halua katsoa samaan suuntaan \u2013 vaikka polut v\u00e4lill\u00e4 kulkisivat eri reunoilta.<\/p>\n\n\n\n<p>Luottamus ei synny hetkess\u00e4. Se rakentuu teoista, kohtaamisista ja kyvyst\u00e4 n\u00e4hd\u00e4 toistemme n\u00e4k\u00f6kulmat. Siihen ty\u00f6h\u00f6n olen valmis tarttumaan \u2013 yhdess\u00e4 muiden kanssa.<\/p>\n","protected":false},"excerpt":{"rendered":"<p>Vaalit ovat nyt takana ja katse k\u00e4\u00e4ntyy eteenp\u00e4in. Ennen p\u00e4\u00e4t\u00f6ksenteon arkea on viel\u00e4 k\u00e4yt\u00e4v\u00e4 paikkaneuvottelut, joissa sovitaan luottamuspaikkojen jaosta. Ne ovat osa vastuunkantoa, jossa etsit\u00e4\u00e4n ratkaisuja niin, ett\u00e4 eri n\u00e4kemykset ovat mukana p\u00e4\u00e4t\u00f6ksenteossa. Lopulta paikat eiv\u00e4t m\u00e4\u00e4rit\u00e4 tuloksia \u2013 vaan se, miten yhteisty\u00f6 l\u00e4htee k\u00e4yntiin niiden pohjalta. Mutta varsinainen ty\u00f6 alkaa vasta neuvottelup\u00f6ytien j\u00e4lkeen. Silloin, [&hellip;]<\/p>\n","protected":false},"author":3,"featured_media":65,"comment_status":"closed","ping_status":"open","sticky":false,"template":"","format":"standard","meta":{"footnotes":""},"categories":[27],"tags":[58,56,57,59,55],"class_list":["post-453","post","type-post","status-publish","format-standard","has-post-thumbnail","hentry","category-blogi","tag-arvopohjainen-vaikuttaminen","tag-kuntapolitiikka","tag-rakentava-keskustelu","tag-valtuustotyo","tag-vastuullinen-paatoksenteko"],"jetpack_featured_media_url":"https:\/\/teanieminen.fi\/wp-content\/uploads\/2018\/12\/7C9C7949-4E04-40A6-B033-708BAAC6F06D.jpeg","_links":{"self":[{"href":"https:\/\/teanieminen.fi\/index.php?rest_route=\/wp\/v2\/posts\/453","targetHints":{"allow":["GET"]}}],"collection":[{"href":"https:\/\/teanieminen.fi\/index.php?rest_route=\/wp\/v2\/posts"}],"about":[{"href":"https:\/\/teanieminen.fi\/index.php?rest_route=\/wp\/v2\/types\/post"}],"author":[{"embeddable":true,"href":"https:\/\/teanieminen.fi\/index.php?rest_route=\/wp\/v2\/users\/3"}],"replies":[{"embeddable":true,"href":"https:\/\/teanieminen.fi\/index.php?rest_route=%2Fwp%2Fv2%2Fcomments&post=453"}],"version-history":[{"count":1,"href":"https:\/\/teanieminen.fi\/index.php?rest_route=\/wp\/v2\/posts\/453\/revisions"}],"predecessor-version":[{"id":454,"href":"https:\/\/teanieminen.fi\/index.php?rest_route=\/wp\/v2\/posts\/453\/revisions\/454"}],"wp:featuredmedia":[{"embeddable":true,"href":"https:\/\/teanieminen.fi\/index.php?rest_route=\/wp\/v2\/media\/65"}],"wp:attachment":[{"href":"https:\/\/teanieminen.fi\/index.php?rest_route=%2Fwp%2Fv2%2Fmedia&parent=453"}],"wp:term":[{"taxonomy":"category","embeddable":true,"href":"https:\/\/teanieminen.fi\/index.php?rest_route=%2Fwp%2Fv2%2Fcategories&post=453"},{"taxonomy":"post_tag","embeddable":true,"href":"https:\/\/teanieminen.fi\/index.php?rest_route=%2Fwp%2Fv2%2Ftags&post=453"}],"curies":[{"name":"wp","href":"https:\/\/api.w.org\/{rel}","templated":true}]}}