{"id":462,"date":"2025-04-27T17:07:55","date_gmt":"2025-04-27T17:07:55","guid":{"rendered":"https:\/\/teanieminen.fi\/?p=462"},"modified":"2025-04-27T17:07:56","modified_gmt":"2025-04-27T17:07:56","slug":"puoluevaltuusto-kokouksen-puheeni-helsingissa","status":"publish","type":"post","link":"https:\/\/teanieminen.fi\/?p=462","title":{"rendered":"Puoluevaltuusto kokouksen puheeni Helsingiss\u00e4"},"content":{"rendered":"\n<p>Pit\u00e4m\u00e4ni puhe puoluevaltuuston kokouksessa 26.4.25 Helsingiss\u00e4.<\/p>\n\n\n\n<p><a><\/a>Arvoisa puheenjohtaja, hyv\u00e4t puoluevaltuutetut,<\/p>\n\n\n\n<p>Vaalit on k\u00e4yty, nyt l\u00e4hdet\u00e4\u00e4n t\u00f6ihin. Kasvun tielle.<\/p>\n\n\n\n<p>Alkuvuonna ty\u00f6nhakuja on k\u00e4ynnistetty enemm\u00e4n kuin viime vuonna t\u00e4h\u00e4n aikaan.<\/p>\n\n\n\n<p>Samalla annettujen ty\u00f6tt\u00f6myysturvalausuntojen m\u00e4\u00e4r\u00e4 on pienentynyt \u2013 etenkin vaativien asiantuntijalausuntojen.<\/p>\n\n\n\n<p>Pintapuolisesti t\u00e4m\u00e4 voisi n\u00e4ytt\u00e4\u00e4 hyv\u00e4lt\u00e4 kehitykselt\u00e4, mutta pys\u00e4hdyt\u00e4\u00e4n hetkeksi miettim\u00e4\u00e4n:<\/p>\n\n\n\n<p>miksi lausuntoja annetaan v\u00e4hemm\u00e4n, vaikka ty\u00f6nhaun k\u00e4ynnist\u00e4miset ovat vilkastuneet?<\/p>\n\n\n\n<p>T\u00e4m\u00e4 kertoo siit\u00e4, ett\u00e4 j\u00e4rjestelm\u00e4n sis\u00e4\u00e4n on j\u00e4\u00e4nyt kytem\u00e4\u00e4n ongelma.<\/p>\n\n\n\n<p>Pommi, joka poksahtaessaan ei j\u00e4\u00e4 hallinnon asiaksi \u2013 vaan iskee suoraan ihmisten el\u00e4m\u00e4\u00e4n.<\/p>\n\n\n\n<p>Takaisinperint\u00f6in\u00e4, karuina kirjein\u00e4, jotka voivat romuttaa perheen talouden ja tulevaisuuden.<\/p>\n\n\n\n<p>Vaativien asiantuntijalausuntojen k\u00e4sittelyaika on nyt lyhyempi kuin koskaan aiemmin \u2013 keskim\u00e4\u00e4rin vain viisi vuorokautta, ja parhaimmillaan jopa kolme vuorokautta.<\/p>\n\n\n\n<p>Normaalisti t\u00e4h\u00e4n aikaan vuodesta olisimme taistelleet, ett\u00e4 edes lakis\u00e4\u00e4teinen enimm\u00e4isaika, 30 vuorokautta, pysyy.<\/p>\n\n\n\n<p>Hyv\u00e4t yst\u00e4v\u00e4t,<\/p>\n\n\n\n<p>Kun rakennamme ty\u00f6llisyysalueiden strategioita, muistetaan,<\/p>\n\n\n\n<p>ettei johtamisemme saa aiheuttaa ihmiselle k\u00e4rsimyst\u00e4, josta nouseminen kest\u00e4\u00e4.<\/p>\n\n\n\n<p>Ty\u00f6llisyysalueen teht\u00e4v\u00e4 on varmistaa, ett\u00e4 perusprosessit toimivat \u2013 erityisesti ne, jotka turvaavat toimeentulon.<\/p>\n\n\n\n<p>Kun lausunnot k\u00e4sitell\u00e4\u00e4n oikein ja ajallaan, ihminen voi luottaa tulevaisuuteen.<\/p>\n\n\n\n<p>Jos toimeentulo romahtaa virheiden vuoksi, ei jaksa mietti\u00e4 omaa polkua eteenp\u00e4in.<\/p>\n\n\n\n<p>Siksi meid\u00e4n on huolehdittava, ett\u00e4 ty\u00f6llisyydenhoito kantaa ihmist\u00e4 joka vaiheessa.<\/p>\n\n\n\n<p>Tehd\u00e4\u00e4n ty\u00f6llisyydenhoidosta se voima, joka kantaa ihmisi\u00e4 eteenp\u00e4in \u2013<\/p>\n\n\n\n<p>kohti ty\u00f6t\u00e4, kohti elinvoimaa, kohti uutta toivoa,<\/p>\n\n\n\n<p>Siten vahvistamme my\u00f6s alueemme kest\u00e4v\u00e4\u00e4 kasvua ja tulevaisuuden elinvoimaa.<\/p>\n\n\n\n<p>Kasvun tie tehd\u00e4\u00e4n l\u00e4hell\u00e4.<\/p>\n\n\n\n<p>Kiitos.<\/p>\n\n\n\n<figure class=\"wp-block-image size-full\"><a href=\"https:\/\/teanieminen.fi\/wp-content\/uploads\/2018\/12\/628B30AC-D517-49C0-8845-861A9DE2A672.jpeg\"><img loading=\"lazy\" decoding=\"async\" width=\"1772\" height=\"1772\" src=\"https:\/\/teanieminen.fi\/wp-content\/uploads\/2018\/12\/628B30AC-D517-49C0-8845-861A9DE2A672.jpeg\" alt=\"\" class=\"wp-image-55\"\/><\/a><\/figure>\n","protected":false},"excerpt":{"rendered":"<p>Pit\u00e4m\u00e4ni puhe puoluevaltuuston kokouksessa 26.4.25 Helsingiss\u00e4. Arvoisa puheenjohtaja, hyv\u00e4t puoluevaltuutetut, Vaalit on k\u00e4yty, nyt l\u00e4hdet\u00e4\u00e4n t\u00f6ihin. Kasvun tielle. Alkuvuonna ty\u00f6nhakuja on k\u00e4ynnistetty enemm\u00e4n kuin viime vuonna t\u00e4h\u00e4n aikaan. Samalla annettujen ty\u00f6tt\u00f6myysturvalausuntojen m\u00e4\u00e4r\u00e4 on pienentynyt \u2013 etenkin vaativien asiantuntijalausuntojen. Pintapuolisesti t\u00e4m\u00e4 voisi n\u00e4ytt\u00e4\u00e4 hyv\u00e4lt\u00e4 kehitykselt\u00e4, mutta pys\u00e4hdyt\u00e4\u00e4n hetkeksi miettim\u00e4\u00e4n: miksi lausuntoja annetaan v\u00e4hemm\u00e4n, vaikka ty\u00f6nhaun k\u00e4ynnist\u00e4miset [&hellip;]<\/p>\n","protected":false},"author":3,"featured_media":0,"comment_status":"closed","ping_status":"open","sticky":false,"template":"","format":"standard","meta":{"footnotes":""},"categories":[1],"tags":[],"class_list":["post-462","post","type-post","status-publish","format-standard","hentry","category-uncategorized"],"jetpack_featured_media_url":"","_links":{"self":[{"href":"https:\/\/teanieminen.fi\/index.php?rest_route=\/wp\/v2\/posts\/462","targetHints":{"allow":["GET"]}}],"collection":[{"href":"https:\/\/teanieminen.fi\/index.php?rest_route=\/wp\/v2\/posts"}],"about":[{"href":"https:\/\/teanieminen.fi\/index.php?rest_route=\/wp\/v2\/types\/post"}],"author":[{"embeddable":true,"href":"https:\/\/teanieminen.fi\/index.php?rest_route=\/wp\/v2\/users\/3"}],"replies":[{"embeddable":true,"href":"https:\/\/teanieminen.fi\/index.php?rest_route=%2Fwp%2Fv2%2Fcomments&post=462"}],"version-history":[{"count":1,"href":"https:\/\/teanieminen.fi\/index.php?rest_route=\/wp\/v2\/posts\/462\/revisions"}],"predecessor-version":[{"id":463,"href":"https:\/\/teanieminen.fi\/index.php?rest_route=\/wp\/v2\/posts\/462\/revisions\/463"}],"wp:attachment":[{"href":"https:\/\/teanieminen.fi\/index.php?rest_route=%2Fwp%2Fv2%2Fmedia&parent=462"}],"wp:term":[{"taxonomy":"category","embeddable":true,"href":"https:\/\/teanieminen.fi\/index.php?rest_route=%2Fwp%2Fv2%2Fcategories&post=462"},{"taxonomy":"post_tag","embeddable":true,"href":"https:\/\/teanieminen.fi\/index.php?rest_route=%2Fwp%2Fv2%2Ftags&post=462"}],"curies":[{"name":"wp","href":"https:\/\/api.w.org\/{rel}","templated":true}]}}